{"id":25,"date":"2017-05-03T12:27:41","date_gmt":"2017-05-03T12:27:41","guid":{"rendered":"http:\/\/xn--prschken-n4a.de\/?p=25"},"modified":"2017-05-03T12:27:41","modified_gmt":"2017-05-03T12:27:41","slug":"das-ostpreuische-reiterlied","status":"publish","type":"post","link":"http:\/\/xn--prschken-n4a.de\/?p=25","title":{"rendered":"Das Ostpreu&szlig;ische Reiterlied"},"content":{"rendered":"<p><a href=\"https:\/\/i0.wp.com\/xn--prschken-n4a.de\/wp-content\/uploads\/2017\/05\/Leiphusaren.jpg\"><img data-recalc-dims=\"1\" loading=\"lazy\" decoding=\"async\" title=\"Leiphusaren\" style=\"border-width: 0px; margin: 5px auto; padding-top: 0px; padding-right: 0px; padding-left: 0px; float: none; display: block; background-image: none;\" border=\"0\" alt=\"Leiphusaren\" src=\"https:\/\/i0.wp.com\/xn--prschken-n4a.de\/wp-content\/uploads\/2017\/05\/Leiphusaren_thumb.jpg?resize=452%2C296\" width=\"452\" height=\"296\" \/><\/a><strong>Ein Lied, da\u00df wie wenige von der Treue und Wehrhaftigkeit des deutschen Landes im Osten spricht ist das Ostpreu\u00dfische Reiterlied. Sogar vielen Ostpreu\u00dfen ist dies Lied gar nicht mehr bekannt. Darum wollen wir hier an dieses wahrhaft stolze Lied erinnern:<\/strong><\/p>\n<p><strong><\/strong><\/p>\n<div id=\"scid:53357c8b-5919-4e32-8c25-305d27c17a37:ac5f35d6-e654-4a24-aaef-16fd92f4963f\" class=\"wlWriterSmartContent\" style=\"margin: 0px; padding: 0px; float: none; display: inline;\"><\/div>\n<p><strong>Zu singen nach der Melodie &#8212; &quot;Prinz Eugen, der edle Ritter&quot;      <br \/><\/strong><\/p>\n<h4>Ostpreu\u00dfisches Reiterlied<\/h4>\n<p>Deine S\u00f6hne, Land im Osten,    <br \/>Auf der Grenzwacht letztem Posten,     <br \/>Stehn, die Hand am Sattelknauf,     <br \/>Da\u00df ein jeder Reiter werde,     <br \/>Wuchsen deine edlen Pferde,     <br \/>Aus dem Heimatboden auf.<\/p>\n<p>Horch, es klingt aus alten Tagen    <br \/>Wildes Lied und Heldensagen,     <br \/>Reiterkampf auf gr\u00fcner Heid&#8216;.     <br \/>Vaterlands- und Heimattreue     <br \/>Stets bewahrt, bew\u00e4hrt aufs neue,     <br \/>Reiter, denkt der alten Zeit.<\/p>\n<p>Kameraden, aufgesessen,    <br \/>Wird kein Hindernis gemessen,     <br \/>Wenn das Herz im Felde fliegt.     <br \/>Jagd galopp auf gr\u00fcnen Weiten,     <br \/>Seht, wir reiten durch die Zeiten     <br \/>Ungehemmt und unbesiegt.<\/p>\n<p>Sind der Heimat eingeschworen,    <br \/>Sind dem Sattel schon geboren     <br \/>Und auf ewig ihm geschenkt.     <br \/>Denn die Preu\u00dfenreiter reiten,     <br \/>Bis sie aus dem Sattel gleiten,     <br \/>Wenn der Tod die Flagge senkt.<\/p>\n<p>Heil&#8217;gen Brauches sind wir Erben,    <br \/>La\u00dft ihn, Herrgott, nimmer sterben,     <br \/>Unsern alten Reitergeist.     <br \/>Gib uns deines Windes Schwingen,     <br \/>Einst, wenn die Fanfaren klingen     <br \/>Und es wieder reiten hei\u00dft.<\/p>\n<p>Wohl, dann werden uns&#8217;re Scharen,    <br \/>Wie ein heilig Wetter fahren     <br \/>Durch die Nacht, die dich bedroht.     <br \/>Preu\u00dfenerde, Heimaterde,     <br \/>Von dem R\u00fccken uns&#8217;rer Pferde     <br \/>Gr\u00fc\u00dfen wir das Morgenrot.<\/p>\n","protected":false},"excerpt":{"rendered":"<p>Ein Lied, da\u00df wie wenige von der Treue und Wehrhaftigkeit des deutschen Landes im Osten spricht ist das Ostpreu\u00dfische Reiterlied. Sogar vielen Ostpreu\u00dfen ist dies Lied gar nicht mehr bekannt. Darum wollen wir hier an dieses wahrhaft stolze Lied erinnern: Zu singen nach der Melodie &#8212; &quot;Prinz Eugen, der edle Ritter&quot; Ostpreu\u00dfisches Reiterlied Deine S\u00f6hne, &hellip; <\/p>\n<p><a class=\"more-link btn\" href=\"http:\/\/xn--prschken-n4a.de\/?p=25\">Weiterlesen<\/a><\/p>\n","protected":false},"author":1,"featured_media":26,"comment_status":"open","ping_status":"open","sticky":false,"template":"","format":"standard","meta":{"jetpack_post_was_ever_published":false,"_jetpack_newsletter_access":"","_jetpack_dont_email_post_to_subs":false,"_jetpack_newsletter_tier_id":0,"_jetpack_memberships_contains_paywalled_content":false,"_jetpack_memberships_contains_paid_content":false,"footnotes":"","jetpack_publicize_message":"","jetpack_publicize_feature_enabled":true,"jetpack_social_post_already_shared":true,"jetpack_social_options":{"image_generator_settings":{"template":"highway","default_image_id":0,"font":"","enabled":false},"version":2}},"categories":[7],"tags":[12,13,11,15,9,8,10,14],"class_list":["post-25","post","type-post","status-publish","format-standard","has-post-thumbnail","hentry","category-kultur","tag-dragoner","tag-husaren","tag-kavallerie","tag-kuerassiere","tag-ostpreussen","tag-ostpreussisches-reiterlied","tag-reiterei","tag-ulanen","item-wrap"],"jetpack_publicize_connections":[],"jetpack_featured_media_url":"https:\/\/i0.wp.com\/xn--prschken-n4a.de\/wp-content\/uploads\/2017\/05\/das-ostpreuische-reiterlied.jpg?fit=1280%2C720","jetpack_sharing_enabled":true,"jetpack_shortlink":"https:\/\/wp.me\/p3zytc-p","jetpack-related-posts":[{"id":52,"url":"http:\/\/xn--prschken-n4a.de\/?p=52","url_meta":{"origin":25,"position":0},"title":"Ludwigsort an der Reichstra&szlig;e 1 &#8211; Ein kleiner &Uuml;berblick und R&uuml;ckblick","author":"CP","date":"Mai 4, 2017","format":false,"excerpt":"( Rudi Lewedey, Rosenberg) Der nachfolgende Bericht wurde am 22. Februar 2005 aus dem Heimatbuch von Johannes Guttzeit von Landsmann Rudi Lewedey aus Heiligenbeil-Rosenberg, heute in 78588 Denkingen, Br\u00fchlstra\u00dfe 8 (Tel. 07424 \/ 85951), erstellt. Am 17. Mai 1939 hatte die Gemeinde Ludwigsort mit Charlottenthal und Schneewalde 1252 Einwohner. Der\u2026","rel":"","context":"In &quot;G\u00fcter undOrte&quot;","block_context":{"text":"G\u00fcter undOrte","link":"http:\/\/xn--prschken-n4a.de\/?cat=2"},"img":{"alt_text":"Ludwigsort","src":"https:\/\/i0.wp.com\/xn--prschken-n4a.de\/wp-content\/uploads\/2017\/05\/Ludwigsort_thumb.jpg?resize=350%2C200","width":350,"height":200},"classes":[]},{"id":48,"url":"http:\/\/xn--prschken-n4a.de\/?p=48","url_meta":{"origin":25,"position":1},"title":"Bericht von Gisela Maus, geb. Bl&ouml;ck, &uuml;ber ihre Kindheit in Gro&szlig; Klingbeck, Ostpreu&szlig;en.","author":"CP","date":"Mai 3, 2017","format":false,"excerpt":"Ich wurde im Jahr 1938 als drittes Kind der Eheleute Emma, geb.Werner, und ihres Ehemannes Franz Bl\u00f6ck geboren. Mein Vater wurde im Jahr 1904 in Neudamm bei K\u00f6nigsberg geboren. Seine j\u00fcngste Schwester, Lisa, war verheiratet mit Fritz Moldenhauer. Sie lebten mit ihren zwei Kindern Reni und Hans auch in Gro\u00df\u2026","rel":"","context":"In &quot;G\u00fcter undOrte&quot;","block_context":{"text":"G\u00fcter undOrte","link":"http:\/\/xn--prschken-n4a.de\/?cat=2"},"img":{"alt_text":"","src":"https:\/\/i0.wp.com\/xn--prschken-n4a.de\/wp-content\/uploads\/2017\/05\/Klingbeck_thumb.jpg?resize=350%2C200","width":350,"height":200,"srcset":"https:\/\/i0.wp.com\/xn--prschken-n4a.de\/wp-content\/uploads\/2017\/05\/Klingbeck_thumb.jpg?resize=350%2C200 1x, https:\/\/i0.wp.com\/xn--prschken-n4a.de\/wp-content\/uploads\/2017\/05\/Klingbeck_thumb.jpg?resize=525%2C300 1.5x"},"classes":[]},{"id":56,"url":"http:\/\/xn--prschken-n4a.de\/?p=56","url_meta":{"origin":25,"position":2},"title":"Ein Jagdtag in Sollecken 1920","author":"CP","date":"Mai 4, 2017","format":false,"excerpt":"in Verse gefa\u00dft von Lehrer Emil K\u00fc\u00dfner Der Hund steht vor! Der J\u00e4ger spannt zum Schusse das Gewehr, und ruhig sichernd liegt die Hand am Abzug. Noch ist leer das R\u00fcbenfeld, wo H\u00fchner sind. Der Jagdhund h\u00f6rt aufs Wort; er geht erst vor, wenn er vernimmt des Herren Ruf:Apport! Und\u2026","rel":"","context":"In &quot;Geschichten und Sagen&quot;","block_context":{"text":"Geschichten und Sagen","link":"http:\/\/xn--prschken-n4a.de\/?cat=18"},"img":{"alt_text":"","src":"https:\/\/i0.wp.com\/xn--prschken-n4a.de\/wp-content\/uploads\/2017\/05\/sollecken_thumb.jpg?resize=350%2C200","width":350,"height":200,"srcset":"https:\/\/i0.wp.com\/xn--prschken-n4a.de\/wp-content\/uploads\/2017\/05\/sollecken_thumb.jpg?resize=350%2C200 1x, https:\/\/i0.wp.com\/xn--prschken-n4a.de\/wp-content\/uploads\/2017\/05\/sollecken_thumb.jpg?resize=525%2C300 1.5x"},"classes":[]},{"id":30,"url":"http:\/\/xn--prschken-n4a.de\/?p=30","url_meta":{"origin":25,"position":3},"title":"Das Gut Adl. Rauschnick","author":"CP","date":"Mai 3, 2017","format":false,"excerpt":"von Charlotte Gassert Rauschnick war ein alter Stammsitz derer von Drauschwitz. Beim Tod des Otto von Drauschwitz fiel das Gut an den Lehnsherrn zur\u00fcck. 1548 verschrieb Herzog Albrecht die beiden H\u00f6fe zu Rauschnick und einen Hof zu Gabditten an Georg von der Groeben, der mit Anna verw. von Podewils auf\u2026","rel":"","context":"In &quot;G\u00fcter undOrte&quot;","block_context":{"text":"G\u00fcter undOrte","link":"http:\/\/xn--prschken-n4a.de\/?cat=2"},"img":{"alt_text":"","src":"https:\/\/i0.wp.com\/xn--prschken-n4a.de\/wp-content\/uploads\/2017\/05\/rauschnick_thumb.jpg?resize=350%2C200","width":350,"height":200,"srcset":"https:\/\/i0.wp.com\/xn--prschken-n4a.de\/wp-content\/uploads\/2017\/05\/rauschnick_thumb.jpg?resize=350%2C200 1x, https:\/\/i0.wp.com\/xn--prschken-n4a.de\/wp-content\/uploads\/2017\/05\/rauschnick_thumb.jpg?resize=525%2C300 1.5x, https:\/\/i0.wp.com\/xn--prschken-n4a.de\/wp-content\/uploads\/2017\/05\/rauschnick_thumb.jpg?resize=700%2C400 2x"},"classes":[]},{"id":37,"url":"http:\/\/xn--prschken-n4a.de\/?p=37","url_meta":{"origin":25,"position":4},"title":"Mann Gottes von P&ouml;rschken!","author":"CP","date":"Mai 3, 2017","format":false,"excerpt":"Vor mehr als 150 Jahren wirkte in dem malerisch am Rande der Brandenburger Heide gelegenen Kirchdorf P\u00f6rschken der Pfarrer Johann Jakob von Schaewen. Er scheint ein eigenwilliger Herr gewesen zu sein. In einer Predigt soll er seiner nicht gerade frommen Gemeinde und den in der Kirche oft schlafenden Bauern erkl\u00e4rt\u2026","rel":"","context":"In &quot;Geschichten und Sagen&quot;","block_context":{"text":"Geschichten und Sagen","link":"http:\/\/xn--prschken-n4a.de\/?cat=18"},"img":{"alt_text":"","src":"","width":0,"height":0},"classes":[]},{"id":44,"url":"http:\/\/xn--prschken-n4a.de\/?p=44","url_meta":{"origin":25,"position":5},"title":"Die H&ouml;lle von P&ouml;rschken.","author":"CP","date":"Mai 3, 2017","format":false,"excerpt":"Flucht und Vertreibung geh\u00f6rten zu den schw\u00e4rzesten Kapitel der Deutschen Geschichte. Das unendliche Leid, Tod und Mi\u00dfhandlungen, das unsere Landsleute im Kreis Heiligenbeil traf ist tief ersch\u00fctternd. Die heutige Darstellung der Ereignisse durch Politik und Medien gleichen einem Verbrechen gegen die Wahrhaftigkeit. Es werden diese Schicksale, unserer Landsleute in der\u2026","rel":"","context":"In &quot;Flucht und Vertreibung&quot;","block_context":{"text":"Flucht und Vertreibung","link":"http:\/\/xn--prschken-n4a.de\/?cat=20"},"img":{"alt_text":"P1010848","src":"https:\/\/i0.wp.com\/xn--prschken-n4a.de\/wp-content\/uploads\/2017\/05\/P1010848_thumb.jpg?resize=350%2C200","width":350,"height":200},"classes":[]}],"_links":{"self":[{"href":"http:\/\/xn--prschken-n4a.de\/index.php?rest_route=\/wp\/v2\/posts\/25","targetHints":{"allow":["GET"]}}],"collection":[{"href":"http:\/\/xn--prschken-n4a.de\/index.php?rest_route=\/wp\/v2\/posts"}],"about":[{"href":"http:\/\/xn--prschken-n4a.de\/index.php?rest_route=\/wp\/v2\/types\/post"}],"author":[{"embeddable":true,"href":"http:\/\/xn--prschken-n4a.de\/index.php?rest_route=\/wp\/v2\/users\/1"}],"replies":[{"embeddable":true,"href":"http:\/\/xn--prschken-n4a.de\/index.php?rest_route=%2Fwp%2Fv2%2Fcomments&post=25"}],"version-history":[{"count":1,"href":"http:\/\/xn--prschken-n4a.de\/index.php?rest_route=\/wp\/v2\/posts\/25\/revisions"}],"predecessor-version":[{"id":27,"href":"http:\/\/xn--prschken-n4a.de\/index.php?rest_route=\/wp\/v2\/posts\/25\/revisions\/27"}],"wp:featuredmedia":[{"embeddable":true,"href":"http:\/\/xn--prschken-n4a.de\/index.php?rest_route=\/wp\/v2\/media\/26"}],"wp:attachment":[{"href":"http:\/\/xn--prschken-n4a.de\/index.php?rest_route=%2Fwp%2Fv2%2Fmedia&parent=25"}],"wp:term":[{"taxonomy":"category","embeddable":true,"href":"http:\/\/xn--prschken-n4a.de\/index.php?rest_route=%2Fwp%2Fv2%2Fcategories&post=25"},{"taxonomy":"post_tag","embeddable":true,"href":"http:\/\/xn--prschken-n4a.de\/index.php?rest_route=%2Fwp%2Fv2%2Ftags&post=25"}],"curies":[{"name":"wp","href":"https:\/\/api.w.org\/{rel}","templated":true}]}}