{"id":19,"date":"2017-05-03T06:03:26","date_gmt":"2017-05-03T06:03:26","guid":{"rendered":"http:\/\/xn--prschken-n4a.de\/?p=19"},"modified":"2017-05-03T06:03:26","modified_gmt":"2017-05-03T06:03:26","slug":"das-gut-morren","status":"publish","type":"post","link":"http:\/\/xn--prschken-n4a.de\/?p=19","title":{"rendered":"Das Gut Morren"},"content":{"rendered":"<p><a href=\"https:\/\/i0.wp.com\/xn--prschken-n4a.de\/wp-content\/uploads\/2017\/05\/morren.jpg\"><img data-recalc-dims=\"1\" loading=\"lazy\" decoding=\"async\" title=\"morren\" style=\"border-width: 0px; padding-top: 0px; padding-right: 0px; padding-left: 0px; margin-right: auto; margin-left: auto; float: none; display: block; background-image: none;\" border=\"0\" alt=\"morren\" src=\"https:\/\/i0.wp.com\/xn--prschken-n4a.de\/wp-content\/uploads\/2017\/05\/morren_thumb.jpg?resize=750%2C447\" width=\"750\" height=\"447\" \/><\/a><\/p>\n<p>Von Knut Walter Perkuhn <\/p>\n<p>1507 wurde das Gut Morren erstmalig als 6 Hufen gro\u00dfer Ort erw\u00e4hnt. <\/p>\n<p>1601\/14 lebte in dem inzwischen 8 Hufen gro\u00dfen k\u00f6lmischen Dorf unter anderem der Bauer Michel Prang, dessen Erbe dann Peter Prang wurde. <\/p>\n<p>Um 1637\/38 geh\u00f6rte Morren Albrecht Friedrich von Schrieben und 1659 bis 1668 Melchior Florian von Schlieben, der 1668 verstarb und Herr auf Gerdauen (Schlo\u00df) und Gro\u00df Klingbeck war. <\/p>\n<p>Bis ins fr\u00fche 19- Jahrhundert war Morren ein Vorwerk, das zu Gro\u00df Kling\u00adbeck geh\u00f6rte. 1828 war Ernst Christoph von der Groeben Eigent\u00fcmer von Gro\u00df Klingbeck und deren G\u00fcter und Vorwer\u00adke, zu denen damals noch immer Morren geh\u00f6rte. <\/p>\n<p>Er ver\u00e4u\u00dferte Morren, so dass es ein selbstst\u00e4ndiges Gut wurde. <\/p>\n<p>1855 geh\u00f6rte Morren nun der Familie Seydler. <\/p>\n<p>1860\/63 erwarb Rudolf Prang das Gut Morren. Zur Erinnerung: 1601-1637 lebte schon einmal eine Familie Prang in Morren und Seitenlinien sp\u00e4ter auch in Poplitten undWargitten. <\/p>\n<p>Die Eltern und Gro\u00dfeltern waren Gutsbesitzer in Wargitten. <\/p>\n<p>Rudolf Prang verkaufte das Gut in Wargitten im Zeitraum von 1860\/63 und erwarb wie gesagt das Gut Morren. 1873 wurde die Tochter Margarete Prang dort geboren und wuchs bis zu ihrer Heirat 1899 auf dem elterlichen Gut auf.Am 16. Oktober 1899 heiratete sie Julius Per\u00adkuhn, der das Rittergut Lisettenfeld im Kirchspiel Stockheim, Kreis Bartenstein, erbte und ging mit ihm auf dieses Familiengut. Julius und Margarete Perkuhn waren meine Gro\u00dfeltern. <\/p>\n<p>Die Eltern meiner Gro\u00dfeltern, Rudolf und Hanna Prang, verkauften um die Jahrhundertwende 1900 das Gut Mor\u00adren an Eugen Dyck und zogen zu ihrer Tochter und ihrem Schwiegersohn auf das Gut Lisettenfeld. <\/p>\n<p>Am 10. Mai 1920 erwarb Paul Roma\u00adnowski das Gut Morren. <\/p>\n<p>Die Familie bewirtschaftete das Gut Morren bis zur Flucht am 3. Februar 1945. <\/p>\n<p>2003 besuchte ich die Reste des Gutes Morren, das inzwischen ein russischer Baufirmenbesitzer aus K\u00f6nigsberg er\u00adworben hatte. <\/p>\n<p>Ich hatte das Gl\u00fcck, den neuen Besit\u00adzer kennen zu lernen und erfuhr, dass er ein Zentrum f\u00fcr J\u00e4ger und F\u00f6rster mit Restaurant und Pension erbauen m\u00f6chte. Au\u00dferdem hat er noch 800 ha Land dazu gekauft und will hier auch Landwirtschaft betreiben. <\/p>\n<p><strong>Morren ist nicht ganz verloren!<\/strong><\/p>\n<p><a href=\"https:\/\/i0.wp.com\/xn--prschken-n4a.de\/wp-content\/uploads\/2017\/05\/morren2.jpg\"><img data-recalc-dims=\"1\" loading=\"lazy\" decoding=\"async\" title=\"morren2\" style=\"border-width: 0px; padding-top: 0px; padding-right: 0px; padding-left: 0px; margin-right: auto; margin-left: auto; float: none; display: block; background-image: none;\" border=\"0\" alt=\"morren2\" src=\"https:\/\/i0.wp.com\/xn--prschken-n4a.de\/wp-content\/uploads\/2017\/05\/morren2_thumb.jpg?resize=750%2C678\" width=\"750\" height=\"678\" \/><\/a><\/p>\n<p>Quelle: Heimatblatt der Kreisgemeinschaft Heiligenbeil, Folge 56\/2011<\/p>\n","protected":false},"excerpt":{"rendered":"<p>Von Knut Walter Perkuhn 1507 wurde das Gut Morren erstmalig als 6 Hufen gro\u00dfer Ort erw\u00e4hnt. 1601\/14 lebte in dem inzwischen 8 Hufen gro\u00dfen k\u00f6lmischen Dorf unter anderem der Bauer Michel Prang, dessen Erbe dann Peter Prang wurde. Um 1637\/38 geh\u00f6rte Morren Albrecht Friedrich von Schrieben und 1659 bis 1668 Melchior Florian von Schlieben, der &hellip; <\/p>\n<p><a class=\"more-link btn\" href=\"http:\/\/xn--prschken-n4a.de\/?p=19\">Weiterlesen<\/a><\/p>\n","protected":false},"author":1,"featured_media":0,"comment_status":"open","ping_status":"open","sticky":false,"template":"","format":"standard","meta":{"jetpack_post_was_ever_published":false,"_jetpack_newsletter_access":"","_jetpack_dont_email_post_to_subs":false,"_jetpack_newsletter_tier_id":0,"_jetpack_memberships_contains_paywalled_content":false,"_jetpack_memberships_contains_paid_content":false,"footnotes":"","jetpack_publicize_message":"","jetpack_publicize_feature_enabled":true,"jetpack_social_post_already_shared":true,"jetpack_social_options":{"image_generator_settings":{"template":"highway","default_image_id":0,"font":"","enabled":false},"version":2}},"categories":[2],"tags":[3,4,5,6],"class_list":["post-19","post","type-post","status-publish","format-standard","hentry","category-gueter-undorte","tag-heiligenbeil","tag-legnitten","tag-morren","tag-poerschken","item-wrap"],"jetpack_publicize_connections":[],"jetpack_featured_media_url":"","jetpack_sharing_enabled":true,"jetpack_shortlink":"https:\/\/wp.me\/p3zytc-j","jetpack-related-posts":[{"id":30,"url":"http:\/\/xn--prschken-n4a.de\/?p=30","url_meta":{"origin":19,"position":0},"title":"Das Gut Adl. Rauschnick","author":"CP","date":"Mai 3, 2017","format":false,"excerpt":"von Charlotte Gassert Rauschnick war ein alter Stammsitz derer von Drauschwitz. Beim Tod des Otto von Drauschwitz fiel das Gut an den Lehnsherrn zur\u00fcck. 1548 verschrieb Herzog Albrecht die beiden H\u00f6fe zu Rauschnick und einen Hof zu Gabditten an Georg von der Groeben, der mit Anna verw. von Podewils auf\u2026","rel":"","context":"In &quot;G\u00fcter undOrte&quot;","block_context":{"text":"G\u00fcter undOrte","link":"http:\/\/xn--prschken-n4a.de\/?cat=2"},"img":{"alt_text":"","src":"https:\/\/i0.wp.com\/xn--prschken-n4a.de\/wp-content\/uploads\/2017\/05\/rauschnick_thumb.jpg?resize=350%2C200","width":350,"height":200,"srcset":"https:\/\/i0.wp.com\/xn--prschken-n4a.de\/wp-content\/uploads\/2017\/05\/rauschnick_thumb.jpg?resize=350%2C200 1x, https:\/\/i0.wp.com\/xn--prschken-n4a.de\/wp-content\/uploads\/2017\/05\/rauschnick_thumb.jpg?resize=525%2C300 1.5x, https:\/\/i0.wp.com\/xn--prschken-n4a.de\/wp-content\/uploads\/2017\/05\/rauschnick_thumb.jpg?resize=700%2C400 2x"},"classes":[]},{"id":52,"url":"http:\/\/xn--prschken-n4a.de\/?p=52","url_meta":{"origin":19,"position":1},"title":"Ludwigsort an der Reichstra&szlig;e 1 &#8211; Ein kleiner &Uuml;berblick und R&uuml;ckblick","author":"CP","date":"Mai 4, 2017","format":false,"excerpt":"( Rudi Lewedey, Rosenberg) Der nachfolgende Bericht wurde am 22. Februar 2005 aus dem Heimatbuch von Johannes Guttzeit von Landsmann Rudi Lewedey aus Heiligenbeil-Rosenberg, heute in 78588 Denkingen, Br\u00fchlstra\u00dfe 8 (Tel. 07424 \/ 85951), erstellt. Am 17. Mai 1939 hatte die Gemeinde Ludwigsort mit Charlottenthal und Schneewalde 1252 Einwohner. Der\u2026","rel":"","context":"In &quot;G\u00fcter undOrte&quot;","block_context":{"text":"G\u00fcter undOrte","link":"http:\/\/xn--prschken-n4a.de\/?cat=2"},"img":{"alt_text":"Ludwigsort","src":"https:\/\/i0.wp.com\/xn--prschken-n4a.de\/wp-content\/uploads\/2017\/05\/Ludwigsort_thumb.jpg?resize=350%2C200","width":350,"height":200},"classes":[]},{"id":48,"url":"http:\/\/xn--prschken-n4a.de\/?p=48","url_meta":{"origin":19,"position":2},"title":"Bericht von Gisela Maus, geb. Bl&ouml;ck, &uuml;ber ihre Kindheit in Gro&szlig; Klingbeck, Ostpreu&szlig;en.","author":"CP","date":"Mai 3, 2017","format":false,"excerpt":"Ich wurde im Jahr 1938 als drittes Kind der Eheleute Emma, geb.Werner, und ihres Ehemannes Franz Bl\u00f6ck geboren. Mein Vater wurde im Jahr 1904 in Neudamm bei K\u00f6nigsberg geboren. Seine j\u00fcngste Schwester, Lisa, war verheiratet mit Fritz Moldenhauer. Sie lebten mit ihren zwei Kindern Reni und Hans auch in Gro\u00df\u2026","rel":"","context":"In &quot;G\u00fcter undOrte&quot;","block_context":{"text":"G\u00fcter undOrte","link":"http:\/\/xn--prschken-n4a.de\/?cat=2"},"img":{"alt_text":"","src":"https:\/\/i0.wp.com\/xn--prschken-n4a.de\/wp-content\/uploads\/2017\/05\/Klingbeck_thumb.jpg?resize=350%2C200","width":350,"height":200,"srcset":"https:\/\/i0.wp.com\/xn--prschken-n4a.de\/wp-content\/uploads\/2017\/05\/Klingbeck_thumb.jpg?resize=350%2C200 1x, https:\/\/i0.wp.com\/xn--prschken-n4a.de\/wp-content\/uploads\/2017\/05\/Klingbeck_thumb.jpg?resize=525%2C300 1.5x"},"classes":[]},{"id":56,"url":"http:\/\/xn--prschken-n4a.de\/?p=56","url_meta":{"origin":19,"position":3},"title":"Ein Jagdtag in Sollecken 1920","author":"CP","date":"Mai 4, 2017","format":false,"excerpt":"in Verse gefa\u00dft von Lehrer Emil K\u00fc\u00dfner Der Hund steht vor! Der J\u00e4ger spannt zum Schusse das Gewehr, und ruhig sichernd liegt die Hand am Abzug. Noch ist leer das R\u00fcbenfeld, wo H\u00fchner sind. Der Jagdhund h\u00f6rt aufs Wort; er geht erst vor, wenn er vernimmt des Herren Ruf:Apport! Und\u2026","rel":"","context":"In &quot;Geschichten und Sagen&quot;","block_context":{"text":"Geschichten und Sagen","link":"http:\/\/xn--prschken-n4a.de\/?cat=18"},"img":{"alt_text":"","src":"https:\/\/i0.wp.com\/xn--prschken-n4a.de\/wp-content\/uploads\/2017\/05\/sollecken_thumb.jpg?resize=350%2C200","width":350,"height":200,"srcset":"https:\/\/i0.wp.com\/xn--prschken-n4a.de\/wp-content\/uploads\/2017\/05\/sollecken_thumb.jpg?resize=350%2C200 1x, https:\/\/i0.wp.com\/xn--prschken-n4a.de\/wp-content\/uploads\/2017\/05\/sollecken_thumb.jpg?resize=525%2C300 1.5x"},"classes":[]},{"id":44,"url":"http:\/\/xn--prschken-n4a.de\/?p=44","url_meta":{"origin":19,"position":4},"title":"Die H&ouml;lle von P&ouml;rschken.","author":"CP","date":"Mai 3, 2017","format":false,"excerpt":"Flucht und Vertreibung geh\u00f6rten zu den schw\u00e4rzesten Kapitel der Deutschen Geschichte. Das unendliche Leid, Tod und Mi\u00dfhandlungen, das unsere Landsleute im Kreis Heiligenbeil traf ist tief ersch\u00fctternd. Die heutige Darstellung der Ereignisse durch Politik und Medien gleichen einem Verbrechen gegen die Wahrhaftigkeit. Es werden diese Schicksale, unserer Landsleute in der\u2026","rel":"","context":"In &quot;Flucht und Vertreibung&quot;","block_context":{"text":"Flucht und Vertreibung","link":"http:\/\/xn--prschken-n4a.de\/?cat=20"},"img":{"alt_text":"P1010848","src":"https:\/\/i0.wp.com\/xn--prschken-n4a.de\/wp-content\/uploads\/2017\/05\/P1010848_thumb.jpg?resize=350%2C200","width":350,"height":200},"classes":[]},{"id":1,"url":"http:\/\/xn--prschken-n4a.de\/?p=1","url_meta":{"origin":19,"position":5},"title":"Guten Tag","author":"CP","date":"Mai 10, 2016","format":false,"excerpt":"Guten Tag! \u00a0 Wir hatten technische Probleme und sind dabei die Seite neu einzurichten. Ich bitte um Ihr Verst\u00e4ndnis! \u00a0 Christian Perbandt","rel":"","context":"\u00c4hnlicher Beitrag","block_context":{"text":"\u00c4hnlicher Beitrag","link":""},"img":{"alt_text":"","src":"","width":0,"height":0},"classes":[]}],"_links":{"self":[{"href":"http:\/\/xn--prschken-n4a.de\/index.php?rest_route=\/wp\/v2\/posts\/19","targetHints":{"allow":["GET"]}}],"collection":[{"href":"http:\/\/xn--prschken-n4a.de\/index.php?rest_route=\/wp\/v2\/posts"}],"about":[{"href":"http:\/\/xn--prschken-n4a.de\/index.php?rest_route=\/wp\/v2\/types\/post"}],"author":[{"embeddable":true,"href":"http:\/\/xn--prschken-n4a.de\/index.php?rest_route=\/wp\/v2\/users\/1"}],"replies":[{"embeddable":true,"href":"http:\/\/xn--prschken-n4a.de\/index.php?rest_route=%2Fwp%2Fv2%2Fcomments&post=19"}],"version-history":[{"count":1,"href":"http:\/\/xn--prschken-n4a.de\/index.php?rest_route=\/wp\/v2\/posts\/19\/revisions"}],"predecessor-version":[{"id":20,"href":"http:\/\/xn--prschken-n4a.de\/index.php?rest_route=\/wp\/v2\/posts\/19\/revisions\/20"}],"wp:attachment":[{"href":"http:\/\/xn--prschken-n4a.de\/index.php?rest_route=%2Fwp%2Fv2%2Fmedia&parent=19"}],"wp:term":[{"taxonomy":"category","embeddable":true,"href":"http:\/\/xn--prschken-n4a.de\/index.php?rest_route=%2Fwp%2Fv2%2Fcategories&post=19"},{"taxonomy":"post_tag","embeddable":true,"href":"http:\/\/xn--prschken-n4a.de\/index.php?rest_route=%2Fwp%2Fv2%2Ftags&post=19"}],"curies":[{"name":"wp","href":"https:\/\/api.w.org\/{rel}","templated":true}]}}